{"id":2818,"date":"2025-08-05T10:44:07","date_gmt":"2025-08-05T08:44:07","guid":{"rendered":"https:\/\/www.ingena.info\/?p=2818"},"modified":"2025-08-05T10:44:07","modified_gmt":"2025-08-05T08:44:07","slug":"laboratorio-di-progetto-per-la-riqualificazione-dello-spazio-aperto-in-via-sole-brunico","status":"publish","type":"post","link":"https:\/\/www.ingena.info\/it\/laboratorio-di-progetto-per-la-riqualificazione-dello-spazio-aperto-in-via-sole-brunico\/","title":{"rendered":"Laboratorio di progetto per la riqualificazione dello spazio aperto in Via Sole \u2013 Brunico"},"content":{"rendered":"<p>Venerd\u00ec 1\u00b0 agosto si \u00e8 svolta la seconda fase del processo partecipativo di pianificazione per la rivitalizzazione e la riqualificazione dello spazio aperto in Via Sole a Brunico. Sulla base del laboratorio di idee svoltosi a maggio, delle condizioni quadro precedentemente definite e delle idee raccolte, \u00e8 stata ora elaborata una proposta progettuale.<\/p>\n<p>Al centro dell\u2019attenzione vi erano i desideri delle residenti e dei residenti: l\u2019obiettivo \u00e8 creare un punto d\u2019incontro aperto che unisca gioco, relax e socializzazione \u2013 per persone di tutte le et\u00e0 e con esigenze diverse. Con uno sguardo attento all\u2019esistente nascer\u00e0 un paesaggio ricreativo e ludico variegato, che non solo invita a soffermarsi, ma integra anche elementi sensibili al clima e favorevoli alla biodiversit\u00e0.<\/p>\n<p>Nel formato di un \u201claboratorio di progetto\u201d, lo stato di progetto \u00e8 stato presentato direttamente in loco, discusso e perfezionato insieme a tutte le persone interessate. All\u2019evento erano nuovamente invitate tutti i proprietari, nonch\u00e9 le residenti e i residenti dell\u2019area, oltre a tutte le persone interessate.<\/p>\n<p>Dopo alcune parole di benvenuto e introduzione, la presentazione del progetto \u00e8 avvenuta tramite un&#8217; esposizione di poster direttamente sul luogo, il che ha reso il tutto pi\u00f9 comprensibile e tangibile per tutte le partecipanti e i partecipanti. Sulla base delle linee guida fondamentali, della planimetria, delle sezioni e di alcuni dettagli rappresentativi, la proposta progettuale \u00e8 stata illustrata in modo approfondito. Nel corso della successiva discussione moderata si \u00e8 aperta la possibilit\u00e0 di porre domande e di confrontarsi. Insieme sono stati approfonditi i retroscena e i dettagli, discusse e riviste le posizioni, integrati o modificati elementi progettuali e di arredo.<\/p>\n<p>Il team di progetto e le rappresentanti e i rappresentanti del Comune presenti hanno potuto raccogliere ancora una volta preziosi suggerimenti per i successivi passi di pianificazione, previsti per l\u2019autunno\/inverno di quest\u2019anno. L\u2019attuazione \u00e8 prevista per l\u2019anno prossimo, eventualmente suddivisa in pi\u00f9 fasi.<\/p>\n<p>Un sentito ringraziamento va al Servizio Giovanile di Brunico e alle rappresentanti e ai rappresentanti del Comune di Brunico, che sostengono attivamente questo processo. Non vediamo l\u2019ora di compiere i prossimi passi nella pianificazione e realizzazione \u2013 e di creare insieme un luogo in cui tutte e tutti possano sentirsi a proprio agio!<\/p>\n<div class=\"tiled-gallery type-rectangular tiled-gallery-unresized\" data-original-width=\"4000\" data-carousel-extra='null' itemscope itemtype=\"http:\/\/schema.org\/ImageGallery\" > <div class=\"gallery-row\" style=\"width: 4000px; height: 1780px;\" data-original-width=\"4000\" data-original-height=\"1780\" > <div class=\"gallery-group images-1\" style=\"width: 2667px; height: 1780px;\" data-original-width=\"2667\" data-original-height=\"1780\" > <div class=\"tiled-gallery-item tiled-gallery-item-large\" itemprop=\"associatedMedia\" itemscope itemtype=\"http:\/\/schema.org\/ImageObject\"> <a href=\"https:\/\/www.ingena.info\/it\/laboratorio-di-progetto-per-la-riqualificazione-dello-spazio-aperto-in-via-sole-brunico\/dsc03536-2\/\" border=\"0\" itemprop=\"url\"> <meta itemprop=\"width\" content=\"2663\"> <meta itemprop=\"height\" content=\"1776\"> <img decoding=\"async\" class=\"\" data-attachment-id=\"2810\" data-orig-file=\"https:\/\/www.ingena.info\/wp-content\/uploads\/DSC03536-scaled.jpg\" data-orig-size=\"2560,1707\" data-comments-opened=\"\" data-image-meta=\"{&quot;aperture&quot;:&quot;2.8&quot;,&quot;credit&quot;:&quot;&quot;,&quot;camera&quot;:&quot;DSC-RX100M7&quot;,&quot;caption&quot;:&quot;&quot;,&quot;created_timestamp&quot;:&quot;1754068297&quot;,&quot;copyright&quot;:&quot;&quot;,&quot;focal_length&quot;:&quot;9&quot;,&quot;iso&quot;:&quot;100&quot;,&quot;shutter_speed&quot;:&quot;0.008&quot;,&quot;title&quot;:&quot;&quot;,&quot;orientation&quot;:&quot;1&quot;}\" data-image-title=\"DSC03536\" data-image-description=\"\" data-medium-file=\"https:\/\/i0.wp.com\/www.ingena.info\/wp-content\/uploads\/DSC03536-scaled.jpg?fit=300%2C200&#038;ssl=1\" data-large-file=\"https:\/\/i0.wp.com\/www.ingena.info\/wp-content\/uploads\/DSC03536-scaled.jpg?fit=1024%2C683&#038;ssl=1\" src=\"https:\/\/i0.wp.com\/www.ingena.info\/wp-content\/uploads\/DSC03536-scaled.jpg?w=2663&#038;h=1776&#038;ssl=1\" srcset=\"https:\/\/i0.wp.com\/www.ingena.info\/wp-content\/uploads\/DSC03536-scaled.jpg?w=2560&amp;ssl=1 2560w, https:\/\/i0.wp.com\/www.ingena.info\/wp-content\/uploads\/DSC03536-scaled.jpg?resize=300%2C200&amp;ssl=1 300w, https:\/\/i0.wp.com\/www.ingena.info\/wp-content\/uploads\/DSC03536-scaled.jpg?resize=1024%2C683&amp;ssl=1 1024w, https:\/\/i0.wp.com\/www.ingena.info\/wp-content\/uploads\/DSC03536-scaled.jpg?resize=768%2C512&amp;ssl=1 768w, https:\/\/i0.wp.com\/www.ingena.info\/wp-content\/uploads\/DSC03536-scaled.jpg?resize=1536%2C1024&amp;ssl=1 1536w, https:\/\/i0.wp.com\/www.ingena.info\/wp-content\/uploads\/DSC03536-scaled.jpg?resize=2048%2C1365&amp;ssl=1 2048w, https:\/\/i0.wp.com\/www.ingena.info\/wp-content\/uploads\/DSC03536-scaled.jpg?resize=2000%2C1333&amp;ssl=1 2000w\" width=\"2663\" height=\"1776\" loading=\"lazy\" data-original-width=\"2663\" data-original-height=\"1776\" itemprop=\"http:\/\/schema.org\/image\" title=\"DSC03536\" alt=\"DSC03536\" style=\"width: 2663px; height: 1776px;\" \/> <\/a> <\/div> <\/div> <!-- close group --> <div class=\"gallery-group images-2\" style=\"width: 1333px; height: 1780px;\" data-original-width=\"1333\" data-original-height=\"1780\" > <div class=\"tiled-gallery-item tiled-gallery-item-large\" itemprop=\"associatedMedia\" itemscope itemtype=\"http:\/\/schema.org\/ImageObject\"> <a href=\"https:\/\/www.ingena.info\/it\/laboratorio-di-progetto-per-la-riqualificazione-dello-spazio-aperto-in-via-sole-brunico\/dsc03529-2\/\" border=\"0\" itemprop=\"url\"> <meta itemprop=\"width\" content=\"1329\"> <meta itemprop=\"height\" content=\"886\"> <img decoding=\"async\" class=\"\" data-attachment-id=\"2808\" data-orig-file=\"https:\/\/www.ingena.info\/wp-content\/uploads\/DSC03529-scaled.jpg\" data-orig-size=\"2560,1707\" data-comments-opened=\"\" data-image-meta=\"{&quot;aperture&quot;:&quot;2.8&quot;,&quot;credit&quot;:&quot;&quot;,&quot;camera&quot;:&quot;DSC-RX100M7&quot;,&quot;caption&quot;:&quot;&quot;,&quot;created_timestamp&quot;:&quot;1754068084&quot;,&quot;copyright&quot;:&quot;&quot;,&quot;focal_length&quot;:&quot;9&quot;,&quot;iso&quot;:&quot;100&quot;,&quot;shutter_speed&quot;:&quot;0.008&quot;,&quot;title&quot;:&quot;&quot;,&quot;orientation&quot;:&quot;1&quot;}\" data-image-title=\"DSC03529\" data-image-description=\"\" data-medium-file=\"https:\/\/i0.wp.com\/www.ingena.info\/wp-content\/uploads\/DSC03529-scaled.jpg?fit=300%2C200&#038;ssl=1\" data-large-file=\"https:\/\/i0.wp.com\/www.ingena.info\/wp-content\/uploads\/DSC03529-scaled.jpg?fit=1024%2C683&#038;ssl=1\" src=\"https:\/\/i0.wp.com\/www.ingena.info\/wp-content\/uploads\/DSC03529-scaled.jpg?w=1329&#038;h=886&#038;ssl=1\" srcset=\"https:\/\/i0.wp.com\/www.ingena.info\/wp-content\/uploads\/DSC03529-scaled.jpg?w=2560&amp;ssl=1 2560w, https:\/\/i0.wp.com\/www.ingena.info\/wp-content\/uploads\/DSC03529-scaled.jpg?resize=300%2C200&amp;ssl=1 300w, https:\/\/i0.wp.com\/www.ingena.info\/wp-content\/uploads\/DSC03529-scaled.jpg?resize=1024%2C683&amp;ssl=1 1024w, https:\/\/i0.wp.com\/www.ingena.info\/wp-content\/uploads\/DSC03529-scaled.jpg?resize=768%2C512&amp;ssl=1 768w, https:\/\/i0.wp.com\/www.ingena.info\/wp-content\/uploads\/DSC03529-scaled.jpg?resize=1536%2C1024&amp;ssl=1 1536w, https:\/\/i0.wp.com\/www.ingena.info\/wp-content\/uploads\/DSC03529-scaled.jpg?resize=2048%2C1365&amp;ssl=1 2048w, https:\/\/i0.wp.com\/www.ingena.info\/wp-content\/uploads\/DSC03529-scaled.jpg?resize=2000%2C1333&amp;ssl=1 2000w\" width=\"1329\" height=\"886\" loading=\"lazy\" data-original-width=\"1329\" data-original-height=\"886\" itemprop=\"http:\/\/schema.org\/image\" title=\"DSC03529\" alt=\"DSC03529\" style=\"width: 1329px; height: 886px;\" \/> <\/a> <\/div> <div class=\"tiled-gallery-item tiled-gallery-item-large\" itemprop=\"associatedMedia\" itemscope itemtype=\"http:\/\/schema.org\/ImageObject\"> <a href=\"https:\/\/www.ingena.info\/it\/laboratorio-di-progetto-per-la-riqualificazione-dello-spazio-aperto-in-via-sole-brunico\/dsc03572-2\/\" border=\"0\" itemprop=\"url\"> <meta itemprop=\"width\" content=\"1329\"> <meta itemprop=\"height\" content=\"886\"> <img decoding=\"async\" class=\"\" data-attachment-id=\"2814\" data-orig-file=\"https:\/\/www.ingena.info\/wp-content\/uploads\/DSC03572-scaled.jpg\" data-orig-size=\"2560,1707\" data-comments-opened=\"\" data-image-meta=\"{&quot;aperture&quot;:&quot;3.2&quot;,&quot;credit&quot;:&quot;&quot;,&quot;camera&quot;:&quot;DSC-RX100M7&quot;,&quot;caption&quot;:&quot;&quot;,&quot;created_timestamp&quot;:&quot;1754301387&quot;,&quot;copyright&quot;:&quot;&quot;,&quot;focal_length&quot;:&quot;9.23&quot;,&quot;iso&quot;:&quot;100&quot;,&quot;shutter_speed&quot;:&quot;0.025&quot;,&quot;title&quot;:&quot;&quot;,&quot;orientation&quot;:&quot;1&quot;}\" data-image-title=\"DSC03572\" data-image-description=\"\" data-medium-file=\"https:\/\/i0.wp.com\/www.ingena.info\/wp-content\/uploads\/DSC03572-scaled.jpg?fit=300%2C200&#038;ssl=1\" data-large-file=\"https:\/\/i0.wp.com\/www.ingena.info\/wp-content\/uploads\/DSC03572-scaled.jpg?fit=1024%2C683&#038;ssl=1\" src=\"https:\/\/i0.wp.com\/www.ingena.info\/wp-content\/uploads\/DSC03572-scaled.jpg?w=1329&#038;h=886&#038;ssl=1\" srcset=\"https:\/\/i0.wp.com\/www.ingena.info\/wp-content\/uploads\/DSC03572-scaled.jpg?w=2560&amp;ssl=1 2560w, https:\/\/i0.wp.com\/www.ingena.info\/wp-content\/uploads\/DSC03572-scaled.jpg?resize=300%2C200&amp;ssl=1 300w, https:\/\/i0.wp.com\/www.ingena.info\/wp-content\/uploads\/DSC03572-scaled.jpg?resize=1024%2C683&amp;ssl=1 1024w, https:\/\/i0.wp.com\/www.ingena.info\/wp-content\/uploads\/DSC03572-scaled.jpg?resize=768%2C512&amp;ssl=1 768w, https:\/\/i0.wp.com\/www.ingena.info\/wp-content\/uploads\/DSC03572-scaled.jpg?resize=1536%2C1024&amp;ssl=1 1536w, https:\/\/i0.wp.com\/www.ingena.info\/wp-content\/uploads\/DSC03572-scaled.jpg?resize=2048%2C1365&amp;ssl=1 2048w, https:\/\/i0.wp.com\/www.ingena.info\/wp-content\/uploads\/DSC03572-scaled.jpg?resize=2000%2C1333&amp;ssl=1 2000w\" width=\"1329\" height=\"886\" loading=\"lazy\" data-original-width=\"1329\" data-original-height=\"886\" itemprop=\"http:\/\/schema.org\/image\" title=\"DSC03572\" alt=\"DSC03572\" style=\"width: 1329px; height: 886px;\" \/> <\/a> <\/div> <\/div> <!-- close group --> <\/div> <!-- close row --> <div class=\"gallery-row\" style=\"width: 4000px; height: 2669px;\" data-original-width=\"4000\" data-original-height=\"2669\" > <div class=\"gallery-group images-1\" style=\"width: 4000px; height: 2669px;\" data-original-width=\"4000\" data-original-height=\"2669\" > <div class=\"tiled-gallery-item tiled-gallery-item-large\" itemprop=\"associatedMedia\" itemscope itemtype=\"http:\/\/schema.org\/ImageObject\"> <a href=\"https:\/\/www.ingena.info\/it\/laboratorio-di-progetto-per-la-riqualificazione-dello-spazio-aperto-in-via-sole-brunico\/dsc03546-2\/\" border=\"0\" itemprop=\"url\"> <meta itemprop=\"width\" content=\"3996\"> <meta itemprop=\"height\" content=\"2665\"> <img decoding=\"async\" class=\"\" data-attachment-id=\"2812\" data-orig-file=\"https:\/\/www.ingena.info\/wp-content\/uploads\/DSC03546-scaled.jpg\" data-orig-size=\"2560,1707\" data-comments-opened=\"\" data-image-meta=\"{&quot;aperture&quot;:&quot;3.2&quot;,&quot;credit&quot;:&quot;&quot;,&quot;camera&quot;:&quot;DSC-RX100M7&quot;,&quot;caption&quot;:&quot;&quot;,&quot;created_timestamp&quot;:&quot;1754068681&quot;,&quot;copyright&quot;:&quot;&quot;,&quot;focal_length&quot;:&quot;10.6&quot;,&quot;iso&quot;:&quot;100&quot;,&quot;shutter_speed&quot;:&quot;0.0125&quot;,&quot;title&quot;:&quot;&quot;,&quot;orientation&quot;:&quot;1&quot;}\" data-image-title=\"DSC03546\" data-image-description=\"\" data-medium-file=\"https:\/\/i0.wp.com\/www.ingena.info\/wp-content\/uploads\/DSC03546-scaled.jpg?fit=300%2C200&#038;ssl=1\" data-large-file=\"https:\/\/i0.wp.com\/www.ingena.info\/wp-content\/uploads\/DSC03546-scaled.jpg?fit=1024%2C683&#038;ssl=1\" src=\"https:\/\/i0.wp.com\/www.ingena.info\/wp-content\/uploads\/DSC03546-scaled.jpg?w=3996&#038;h=2665&#038;ssl=1\" srcset=\"https:\/\/i0.wp.com\/www.ingena.info\/wp-content\/uploads\/DSC03546-scaled.jpg?w=2560&amp;ssl=1 2560w, https:\/\/i0.wp.com\/www.ingena.info\/wp-content\/uploads\/DSC03546-scaled.jpg?resize=300%2C200&amp;ssl=1 300w, https:\/\/i0.wp.com\/www.ingena.info\/wp-content\/uploads\/DSC03546-scaled.jpg?resize=1024%2C683&amp;ssl=1 1024w, https:\/\/i0.wp.com\/www.ingena.info\/wp-content\/uploads\/DSC03546-scaled.jpg?resize=768%2C512&amp;ssl=1 768w, https:\/\/i0.wp.com\/www.ingena.info\/wp-content\/uploads\/DSC03546-scaled.jpg?resize=1536%2C1024&amp;ssl=1 1536w, https:\/\/i0.wp.com\/www.ingena.info\/wp-content\/uploads\/DSC03546-scaled.jpg?resize=2048%2C1365&amp;ssl=1 2048w, https:\/\/i0.wp.com\/www.ingena.info\/wp-content\/uploads\/DSC03546-scaled.jpg?resize=2000%2C1333&amp;ssl=1 2000w\" width=\"3996\" height=\"2665\" loading=\"lazy\" data-original-width=\"3996\" data-original-height=\"2665\" itemprop=\"http:\/\/schema.org\/image\" title=\"DSC03546\" alt=\"DSC03546\" style=\"width: 3996px; height: 2665px;\" \/> <\/a> <\/div> <\/div> <!-- close group --> <\/div> <!-- close row --> <\/div>\n","protected":false},"excerpt":{"rendered":"<p>Venerd\u00ec 1\u00b0 agosto si \u00e8 svolta la seconda fase del processo partecipativo di pianificazione per la rivitalizzazione e la riqualificazione dello spazio aperto in Via Sole a Brunico. Sulla base del laboratorio di idee svoltosi a maggio, delle condizioni quadro precedentemente definite e delle idee raccolte, \u00e8 stata ora elaborata una proposta progettuale. Al centro [&hellip;]<\/p>\n","protected":false},"author":9,"featured_media":2812,"comment_status":"closed","ping_status":"closed","sticky":false,"template":"","format":"standard","meta":{"_acf_changed":false,"footnotes":""},"categories":[4],"tags":[],"class_list":["post-2818","post","type-post","status-publish","format-standard","has-post-thumbnail","hentry","category-non-categorizzato"],"acf":[],"yoast_head":"<!-- This site is optimized with the Yoast SEO Premium plugin v23.0 (Yoast SEO v23.0) - https:\/\/yoast.com\/wordpress\/plugins\/seo\/ -->\n<title>Laboratorio di progetto per la riqualificazione dello spazio aperto in Via Sole \u2013 Brunico - www.ingena.info<\/title>\n<meta name=\"robots\" content=\"index, follow, max-snippet:-1, max-image-preview:large, max-video-preview:-1\" \/>\n<link rel=\"canonical\" href=\"https:\/\/www.ingena.info\/it\/laboratorio-di-progetto-per-la-riqualificazione-dello-spazio-aperto-in-via-sole-brunico\/\" \/>\n<meta property=\"og:locale\" content=\"it_IT\" \/>\n<meta property=\"og:type\" content=\"article\" \/>\n<meta property=\"og:title\" content=\"Laboratorio di progetto per la riqualificazione dello spazio aperto in Via Sole \u2013 Brunico\" \/>\n<meta property=\"og:description\" content=\"Venerd\u00ec 1\u00b0 agosto si \u00e8 svolta la seconda fase del processo partecipativo di pianificazione per la rivitalizzazione e la riqualificazione dello spazio aperto in Via Sole a Brunico. Sulla base del laboratorio di idee svoltosi a maggio, delle condizioni quadro precedentemente definite e delle idee raccolte, \u00e8 stata ora elaborata una proposta progettuale. Al centro [&hellip;]\" \/>\n<meta property=\"og:url\" content=\"https:\/\/www.ingena.info\/it\/laboratorio-di-progetto-per-la-riqualificazione-dello-spazio-aperto-in-via-sole-brunico\/\" \/>\n<meta property=\"og:site_name\" content=\"www.ingena.info\" \/>\n<meta property=\"article:published_time\" content=\"2025-08-05T08:44:07+00:00\" \/>\n<meta property=\"og:image\" content=\"https:\/\/www.ingena.info\/wp-content\/uploads\/DSC03546-scaled.jpg\" \/>\n\t<meta property=\"og:image:width\" content=\"2560\" \/>\n\t<meta property=\"og:image:height\" content=\"1707\" \/>\n\t<meta property=\"og:image:type\" content=\"image\/jpeg\" \/>\n<meta name=\"author\" content=\"Elisa Huber\" \/>\n<meta name=\"twitter:card\" content=\"summary_large_image\" \/>\n<meta name=\"twitter:label1\" content=\"Scritto da\" \/>\n\t<meta name=\"twitter:data1\" content=\"Elisa Huber\" \/>\n\t<meta name=\"twitter:label2\" content=\"Tempo di lettura stimato\" \/>\n\t<meta name=\"twitter:data2\" content=\"3 minuti\" \/>\n<script type=\"application\/ld+json\" class=\"yoast-schema-graph\">{\"@context\":\"https:\/\/schema.org\",\"@graph\":[{\"@type\":\"WebPage\",\"@id\":\"https:\/\/www.ingena.info\/it\/laboratorio-di-progetto-per-la-riqualificazione-dello-spazio-aperto-in-via-sole-brunico\/\",\"url\":\"https:\/\/www.ingena.info\/it\/laboratorio-di-progetto-per-la-riqualificazione-dello-spazio-aperto-in-via-sole-brunico\/\",\"name\":\"Laboratorio di progetto per la riqualificazione dello spazio aperto in Via Sole \u2013 Brunico - www.ingena.info\",\"isPartOf\":{\"@id\":\"https:\/\/www.ingena.info\/it\/#website\"},\"primaryImageOfPage\":{\"@id\":\"https:\/\/www.ingena.info\/it\/laboratorio-di-progetto-per-la-riqualificazione-dello-spazio-aperto-in-via-sole-brunico\/#primaryimage\"},\"image\":{\"@id\":\"https:\/\/www.ingena.info\/it\/laboratorio-di-progetto-per-la-riqualificazione-dello-spazio-aperto-in-via-sole-brunico\/#primaryimage\"},\"thumbnailUrl\":\"https:\/\/i0.wp.com\/www.ingena.info\/wp-content\/uploads\/DSC03546-scaled.jpg?fit=2560%2C1707&ssl=1\",\"datePublished\":\"2025-08-05T08:44:07+00:00\",\"dateModified\":\"2025-08-05T08:44:07+00:00\",\"author\":{\"@id\":\"https:\/\/www.ingena.info\/it\/#\/schema\/person\/4a86dfe777316f9845a2c7b2b6055493\"},\"breadcrumb\":{\"@id\":\"https:\/\/www.ingena.info\/it\/laboratorio-di-progetto-per-la-riqualificazione-dello-spazio-aperto-in-via-sole-brunico\/#breadcrumb\"},\"inLanguage\":\"it-IT\",\"potentialAction\":[{\"@type\":\"ReadAction\",\"target\":[\"https:\/\/www.ingena.info\/it\/laboratorio-di-progetto-per-la-riqualificazione-dello-spazio-aperto-in-via-sole-brunico\/\"]}]},{\"@type\":\"ImageObject\",\"inLanguage\":\"it-IT\",\"@id\":\"https:\/\/www.ingena.info\/it\/laboratorio-di-progetto-per-la-riqualificazione-dello-spazio-aperto-in-via-sole-brunico\/#primaryimage\",\"url\":\"https:\/\/i0.wp.com\/www.ingena.info\/wp-content\/uploads\/DSC03546-scaled.jpg?fit=2560%2C1707&ssl=1\",\"contentUrl\":\"https:\/\/i0.wp.com\/www.ingena.info\/wp-content\/uploads\/DSC03546-scaled.jpg?fit=2560%2C1707&ssl=1\",\"width\":2560,\"height\":1707},{\"@type\":\"BreadcrumbList\",\"@id\":\"https:\/\/www.ingena.info\/it\/laboratorio-di-progetto-per-la-riqualificazione-dello-spazio-aperto-in-via-sole-brunico\/#breadcrumb\",\"itemListElement\":[{\"@type\":\"ListItem\",\"position\":1,\"name\":\"Startseite\",\"item\":\"https:\/\/www.ingena.info\/it\/\"},{\"@type\":\"ListItem\",\"position\":2,\"name\":\"Laboratorio di progetto per la riqualificazione dello spazio aperto in Via Sole \u2013 Brunico\"}]},{\"@type\":\"WebSite\",\"@id\":\"https:\/\/www.ingena.info\/it\/#website\",\"url\":\"https:\/\/www.ingena.info\/it\/\",\"name\":\"www.ingena.info\",\"description\":\"\",\"potentialAction\":[{\"@type\":\"SearchAction\",\"target\":{\"@type\":\"EntryPoint\",\"urlTemplate\":\"https:\/\/www.ingena.info\/it\/?s={search_term_string}\"},\"query-input\":\"required name=search_term_string\"}],\"inLanguage\":\"it-IT\"},{\"@type\":\"Person\",\"@id\":\"https:\/\/www.ingena.info\/it\/#\/schema\/person\/4a86dfe777316f9845a2c7b2b6055493\",\"name\":\"Elisa Huber\"}]}<\/script>\n<!-- \/ Yoast SEO Premium plugin. -->","yoast_head_json":{"title":"Laboratorio di progetto per la riqualificazione dello spazio aperto in Via Sole \u2013 Brunico - www.ingena.info","robots":{"index":"index","follow":"follow","max-snippet":"max-snippet:-1","max-image-preview":"max-image-preview:large","max-video-preview":"max-video-preview:-1"},"canonical":"https:\/\/www.ingena.info\/it\/laboratorio-di-progetto-per-la-riqualificazione-dello-spazio-aperto-in-via-sole-brunico\/","og_locale":"it_IT","og_type":"article","og_title":"Laboratorio di progetto per la riqualificazione dello spazio aperto in Via Sole \u2013 Brunico","og_description":"Venerd\u00ec 1\u00b0 agosto si \u00e8 svolta la seconda fase del processo partecipativo di pianificazione per la rivitalizzazione e la riqualificazione dello spazio aperto in Via Sole a Brunico. Sulla base del laboratorio di idee svoltosi a maggio, delle condizioni quadro precedentemente definite e delle idee raccolte, \u00e8 stata ora elaborata una proposta progettuale. Al centro [&hellip;]","og_url":"https:\/\/www.ingena.info\/it\/laboratorio-di-progetto-per-la-riqualificazione-dello-spazio-aperto-in-via-sole-brunico\/","og_site_name":"www.ingena.info","article_published_time":"2025-08-05T08:44:07+00:00","og_image":[{"width":2560,"height":1707,"url":"https:\/\/www.ingena.info\/wp-content\/uploads\/DSC03546-scaled.jpg","type":"image\/jpeg"}],"author":"Elisa Huber","twitter_card":"summary_large_image","twitter_misc":{"Scritto da":"Elisa Huber","Tempo di lettura stimato":"3 minuti"},"schema":{"@context":"https:\/\/schema.org","@graph":[{"@type":"WebPage","@id":"https:\/\/www.ingena.info\/it\/laboratorio-di-progetto-per-la-riqualificazione-dello-spazio-aperto-in-via-sole-brunico\/","url":"https:\/\/www.ingena.info\/it\/laboratorio-di-progetto-per-la-riqualificazione-dello-spazio-aperto-in-via-sole-brunico\/","name":"Laboratorio di progetto per la riqualificazione dello spazio aperto in Via Sole \u2013 Brunico - www.ingena.info","isPartOf":{"@id":"https:\/\/www.ingena.info\/it\/#website"},"primaryImageOfPage":{"@id":"https:\/\/www.ingena.info\/it\/laboratorio-di-progetto-per-la-riqualificazione-dello-spazio-aperto-in-via-sole-brunico\/#primaryimage"},"image":{"@id":"https:\/\/www.ingena.info\/it\/laboratorio-di-progetto-per-la-riqualificazione-dello-spazio-aperto-in-via-sole-brunico\/#primaryimage"},"thumbnailUrl":"https:\/\/i0.wp.com\/www.ingena.info\/wp-content\/uploads\/DSC03546-scaled.jpg?fit=2560%2C1707&ssl=1","datePublished":"2025-08-05T08:44:07+00:00","dateModified":"2025-08-05T08:44:07+00:00","author":{"@id":"https:\/\/www.ingena.info\/it\/#\/schema\/person\/4a86dfe777316f9845a2c7b2b6055493"},"breadcrumb":{"@id":"https:\/\/www.ingena.info\/it\/laboratorio-di-progetto-per-la-riqualificazione-dello-spazio-aperto-in-via-sole-brunico\/#breadcrumb"},"inLanguage":"it-IT","potentialAction":[{"@type":"ReadAction","target":["https:\/\/www.ingena.info\/it\/laboratorio-di-progetto-per-la-riqualificazione-dello-spazio-aperto-in-via-sole-brunico\/"]}]},{"@type":"ImageObject","inLanguage":"it-IT","@id":"https:\/\/www.ingena.info\/it\/laboratorio-di-progetto-per-la-riqualificazione-dello-spazio-aperto-in-via-sole-brunico\/#primaryimage","url":"https:\/\/i0.wp.com\/www.ingena.info\/wp-content\/uploads\/DSC03546-scaled.jpg?fit=2560%2C1707&ssl=1","contentUrl":"https:\/\/i0.wp.com\/www.ingena.info\/wp-content\/uploads\/DSC03546-scaled.jpg?fit=2560%2C1707&ssl=1","width":2560,"height":1707},{"@type":"BreadcrumbList","@id":"https:\/\/www.ingena.info\/it\/laboratorio-di-progetto-per-la-riqualificazione-dello-spazio-aperto-in-via-sole-brunico\/#breadcrumb","itemListElement":[{"@type":"ListItem","position":1,"name":"Startseite","item":"https:\/\/www.ingena.info\/it\/"},{"@type":"ListItem","position":2,"name":"Laboratorio di progetto per la riqualificazione dello spazio aperto in Via Sole \u2013 Brunico"}]},{"@type":"WebSite","@id":"https:\/\/www.ingena.info\/it\/#website","url":"https:\/\/www.ingena.info\/it\/","name":"www.ingena.info","description":"","potentialAction":[{"@type":"SearchAction","target":{"@type":"EntryPoint","urlTemplate":"https:\/\/www.ingena.info\/it\/?s={search_term_string}"},"query-input":"required name=search_term_string"}],"inLanguage":"it-IT"},{"@type":"Person","@id":"https:\/\/www.ingena.info\/it\/#\/schema\/person\/4a86dfe777316f9845a2c7b2b6055493","name":"Elisa Huber"}]}},"jetpack_featured_media_url":"https:\/\/i0.wp.com\/www.ingena.info\/wp-content\/uploads\/DSC03546-scaled.jpg?fit=2560%2C1707&ssl=1","_links":{"self":[{"href":"https:\/\/www.ingena.info\/it\/wp-json\/wp\/v2\/posts\/2818","targetHints":{"allow":["GET"]}}],"collection":[{"href":"https:\/\/www.ingena.info\/it\/wp-json\/wp\/v2\/posts"}],"about":[{"href":"https:\/\/www.ingena.info\/it\/wp-json\/wp\/v2\/types\/post"}],"author":[{"embeddable":true,"href":"https:\/\/www.ingena.info\/it\/wp-json\/wp\/v2\/users\/9"}],"replies":[{"embeddable":true,"href":"https:\/\/www.ingena.info\/it\/wp-json\/wp\/v2\/comments?post=2818"}],"version-history":[{"count":1,"href":"https:\/\/www.ingena.info\/it\/wp-json\/wp\/v2\/posts\/2818\/revisions"}],"predecessor-version":[{"id":2819,"href":"https:\/\/www.ingena.info\/it\/wp-json\/wp\/v2\/posts\/2818\/revisions\/2819"}],"wp:featuredmedia":[{"embeddable":true,"href":"https:\/\/www.ingena.info\/it\/wp-json\/wp\/v2\/media\/2812"}],"wp:attachment":[{"href":"https:\/\/www.ingena.info\/it\/wp-json\/wp\/v2\/media?parent=2818"}],"wp:term":[{"taxonomy":"category","embeddable":true,"href":"https:\/\/www.ingena.info\/it\/wp-json\/wp\/v2\/categories?post=2818"},{"taxonomy":"post_tag","embeddable":true,"href":"https:\/\/www.ingena.info\/it\/wp-json\/wp\/v2\/tags?post=2818"}],"curies":[{"name":"wp","href":"https:\/\/api.w.org\/{rel}","templated":true}]}}